{"id":990,"date":"2019-02-26T17:19:05","date_gmt":"2019-02-26T17:19:05","guid":{"rendered":"http:\/\/www.ajuarportatil.com\/blog\/?p=990"},"modified":"2019-02-26T17:19:05","modified_gmt":"2019-02-26T17:19:05","slug":"llega-luna-y-en-camino-unai","status":"publish","type":"post","link":"https:\/\/ajuarportatil.com\/blog\/2019\/02\/26\/llega-luna-y-en-camino-unai\/","title":{"rendered":"Llega Luna y en camino Unai"},"content":{"rendered":"<hr \/>\n<p>\u00a1 Luna ! Contemplo extasiada tus sonrisas y gorgoritos, igual que observaba los de mis ni\u00f1os, Pablo y Dani, hace la friolera de 30 a\u00f1os.<\/p>\n<p style=\"text-align: left\">Resulta que para cuando escribo de tus gorgoritos ya est\u00e1s pataleando en las revueltas aguas de la piscina, te pasean en silla y nos regalas parlamentos en los que seguro nos cuentas cosas interesantes<\/p>\n<p>T\u00fa me vas a ganar en esta carrera, seguro que s\u00ed Luna, porque creces y aprendes muy r\u00e1pido y yo sin embargo voy por el camino lento.<\/p>\n<p style=\"text-align: left\">Todas tus evoluciones me resultan familiares y es que antes que abuela, yaya, amona, amo\u00f1i o como finalmente me llam\u00e9is, fui MAM\u00c1. Eso s\u00ed, en el siglo pasado.<a href=\"http:\/\/www.ajuarportatil.com\/blog\/wp-content\/uploads\/2014\/10\/Fotos-Familia-Ajuar-Portatil-015.jpg\"><img loading=\"lazy\" class=\"alignnone size-medium wp-image-598\" src=\"http:\/\/www.ajuarportatil.com\/blog\/wp-content\/uploads\/2014\/10\/Fotos-Familia-Ajuar-Portatil-015-300x203.jpg\" alt=\"Fotos Familia-Ajuar Portatil 015\" width=\"300\" height=\"203\" srcset=\"https:\/\/ajuarportatil.com\/blog\/wp-content\/uploads\/2014\/10\/Fotos-Familia-Ajuar-Portatil-015-300x203.jpg 300w, https:\/\/ajuarportatil.com\/blog\/wp-content\/uploads\/2014\/10\/Fotos-Familia-Ajuar-Portatil-015-1024x696.jpg 1024w, https:\/\/ajuarportatil.com\/blog\/wp-content\/uploads\/2014\/10\/Fotos-Familia-Ajuar-Portatil-015-441x300.jpg 441w, https:\/\/ajuarportatil.com\/blog\/wp-content\/uploads\/2014\/10\/Fotos-Familia-Ajuar-Portatil-015.jpg 1181w\" sizes=\"(max-width: 300px) 100vw, 300px\" \/><\/a><\/p>\n<p style=\"text-align: left\">Dani, no logro subir una foto de Luna as\u00ed que te pongo a ti que te pareces mucho. Alg\u00fan d\u00eda lograre dominar la tecnica.<\/p>\n","protected":false},"excerpt":{"rendered":"<p>\u00a1 Luna ! Contemplo extasiada tus sonrisas y gorgoritos, igual que observaba los de mis ni\u00f1os, Pablo y Dani, hace la friolera de 30 a\u00f1os. Resulta que para cuando escribo de tus gorgoritos ya est\u00e1s pataleando en las revueltas aguas &hellip; <a href=\"https:\/\/ajuarportatil.com\/blog\/2019\/02\/26\/llega-luna-y-en-camino-unai\/\">Sigue leyendo <span class=\"meta-nav\">&rarr;<\/span><\/a><\/p>\n","protected":false},"author":3,"featured_media":0,"comment_status":"open","ping_status":"open","sticky":false,"template":"","format":"standard","meta":[],"categories":[1],"tags":[],"_links":{"self":[{"href":"https:\/\/ajuarportatil.com\/blog\/wp-json\/wp\/v2\/posts\/990"}],"collection":[{"href":"https:\/\/ajuarportatil.com\/blog\/wp-json\/wp\/v2\/posts"}],"about":[{"href":"https:\/\/ajuarportatil.com\/blog\/wp-json\/wp\/v2\/types\/post"}],"author":[{"embeddable":true,"href":"https:\/\/ajuarportatil.com\/blog\/wp-json\/wp\/v2\/users\/3"}],"replies":[{"embeddable":true,"href":"https:\/\/ajuarportatil.com\/blog\/wp-json\/wp\/v2\/comments?post=990"}],"version-history":[{"count":13,"href":"https:\/\/ajuarportatil.com\/blog\/wp-json\/wp\/v2\/posts\/990\/revisions"}],"predecessor-version":[{"id":1117,"href":"https:\/\/ajuarportatil.com\/blog\/wp-json\/wp\/v2\/posts\/990\/revisions\/1117"}],"wp:attachment":[{"href":"https:\/\/ajuarportatil.com\/blog\/wp-json\/wp\/v2\/media?parent=990"}],"wp:term":[{"taxonomy":"category","embeddable":true,"href":"https:\/\/ajuarportatil.com\/blog\/wp-json\/wp\/v2\/categories?post=990"},{"taxonomy":"post_tag","embeddable":true,"href":"https:\/\/ajuarportatil.com\/blog\/wp-json\/wp\/v2\/tags?post=990"}],"curies":[{"name":"wp","href":"https:\/\/api.w.org\/{rel}","templated":true}]}}