{"id":928,"date":"2017-01-23T12:13:54","date_gmt":"2017-01-23T12:13:54","guid":{"rendered":"http:\/\/www.ajuarportatil.com\/blog\/?p=928"},"modified":"2017-01-23T12:13:54","modified_gmt":"2017-01-23T12:13:54","slug":"un-mundo-para-denisa-3","status":"publish","type":"post","link":"https:\/\/ajuarportatil.com\/blog\/2017\/01\/23\/un-mundo-para-denisa-3\/","title":{"rendered":"UN MUNDO PARA DENISA"},"content":{"rendered":"<p style=\"text-align: left\">\u00a0 \u00a0 \u00a0 \u00a0 \u00a0 \u00a0 \u00a0 \u00a0 \u00a0 \u00a0 \u00a0 \u00a0 \u00a0 \u00a0 \u00a0 \u00a0 \u00a0 \u00a0 \u00a0 \u00a0 \u00a0 \u00a0 \u00a0 \u00a0 \u00a0 MIRAR POR LA VENTANA<\/p>\n<p style=\"text-align: center\"><a href=\"http:\/\/www.ajuarportatil.com\/blog\/wp-content\/uploads\/2017\/01\/IMG-20170122-WA0009.jpg\"><img loading=\"lazy\" class=\"alignnone size-medium wp-image-924\" src=\"http:\/\/www.ajuarportatil.com\/blog\/wp-content\/uploads\/2017\/01\/IMG-20170122-WA0009-169x300.jpg\" alt=\"IMG-20170122-WA0009\" width=\"169\" height=\"300\" srcset=\"https:\/\/ajuarportatil.com\/blog\/wp-content\/uploads\/2017\/01\/IMG-20170122-WA0009-169x300.jpg 169w, https:\/\/ajuarportatil.com\/blog\/wp-content\/uploads\/2017\/01\/IMG-20170122-WA0009-576x1024.jpg 576w, https:\/\/ajuarportatil.com\/blog\/wp-content\/uploads\/2017\/01\/IMG-20170122-WA0009.jpg 900w\" sizes=\"(max-width: 169px) 100vw, 169px\" \/><\/a><\/p>\n<p>&nbsp;<\/p>\n<p>\u00a1 Hola Denisa ! Pronto ir\u00e9 a verte. Te cantar\u00e9 una por una todas las canciones y versos que te tengo preparados: \u00bb A serr\u00edn a serr\u00e1n , los maderos de San Juan&#8230;.\u00bb , \u00bb Pinto pinto Gorgorito&#8230;.\u00bb, \u00a0\u00bb Pimp\u00f3n es un mu\u00f1eco&#8230;.\u00bb.<\/p>\n<p>Me dice tu mam\u00e1 que \u00a0\u00a1 te aburres ! \u00a0y a m\u00ed eso me hace mucha gracia. \u00bf C\u00f3mo va a aburrirse una bebita de dos meses? Luego me lo explica.<\/p>\n<p>Te gusta observar, tanto, \u00a0que mam\u00e1 te pone junto a la ventana para que veas los \u00e1rboles, la calle, los coches que pasan.<\/p>\n<p>Pero bueno \u00bf D\u00f3nde vamos a llegar Denisa ? \u00bfTan ansiosa est\u00e1s por conocer tu mundo?<\/p>\n<p>Eres lista Denisa. Cuando no hab\u00eda ni tele, ni m\u00f3vil, ni port\u00e1til, ni video, ni consola, ni nada de nada, s\u00f3lo dos cosas nos entreten\u00edan : escuchar la radio y mirar por la ventana.<\/p>\n<p>Mis primeros cuentos los escuch\u00e9 en la radio, Garbancito, El Gato con botas&#8230;.. Esperaba con ilusi\u00f3n el momento vespertino en que radiaban los cuentos.<\/p>\n<p>En la calle Olite la mam\u00e1, la yaya y yo cuando ya estaba todo hecho ( el fregado, la costura y dem\u00e1s quehaceres ) nos asom\u00e1bamos a la ventana o al balc\u00f3n, seg\u00fan estuviese el tiempo.<\/p>\n<p>En primavera y verano era el balc\u00f3n de la calle Olite el que frecuent\u00e1bamos. Ve\u00edamos pasar la gente endomingada que iba a Misa de doce en San Francisco, en Sanfermines desfilaban por la calle Olite muchas cuadrillas camino de la Plaza de Toros.<\/p>\n<p>Yo tambi\u00e9n divisaba \u00bb Los Jardinicos \u00bb que era nuestro lugar de juegos. Intentaba adivinar si estaban ya en la fuente Los Turrillas o cualquiera de nuestros amigos.<\/p>\n<p>Bodas, funerales, procesiones, tales eran los mayores acontecimientos de entonces y aunque, de lejos, los ve\u00edamos.<\/p>\n<p>Me gustaba tambi\u00e9n asomarme a las ma\u00f1anas para observa el carro del Carbonero tirado por su inolvidable burro; \u00e9l del pan empujado por la panadera \u00a0que tocando el timbre nos avisaba para que baj\u00e1ramos a coger las barras. Al mediod\u00eda pasaba el cartero con su gran bandolera de cuero cruzada en el pecho y repleta de cartas.<\/p>\n<p><a href=\"http:\/\/www.ajuarportatil.com\/blog\/wp-content\/uploads\/2015\/01\/Fotos-Familia-Ajuar-Portatil-008.jpg\"><img loading=\"lazy\" class=\"size-medium wp-image-615 alignleft\" src=\"http:\/\/www.ajuarportatil.com\/blog\/wp-content\/uploads\/2015\/01\/Fotos-Familia-Ajuar-Portatil-008-211x300.jpg\" alt=\"Fotos Familia-Ajuar Portatil 008\" width=\"211\" height=\"300\" srcset=\"https:\/\/ajuarportatil.com\/blog\/wp-content\/uploads\/2015\/01\/Fotos-Familia-Ajuar-Portatil-008-211x300.jpg 211w, https:\/\/ajuarportatil.com\/blog\/wp-content\/uploads\/2015\/01\/Fotos-Familia-Ajuar-Portatil-008.jpg 288w\" sizes=\"(max-width: 211px) 100vw, 211px\" \/><\/a><\/p>\n<p>La yaya Teresa, la abuela Maruja y la matusa Maite<\/p>\n<p>Si era invierno la cosa resultaba m\u00e1s cruda. La vida se hac\u00eda al calor de la cocina cuya ventana daba paso al balc\u00f3n que se asomaba a un gran patio de manzana interior.<\/p>\n<p>Con el fr\u00edo las ventanas de este balc\u00f3n s\u00f3lo se abr\u00edan para tender o recoger la ropa. Junto a la ventana estaba la mesa camilla de la yaya con su correspondiente brasero.<\/p>\n<p>Yo dibujaba con el dedo en los cristales cubiertos de vaho o pasaba la mano para poder ver en el patio c\u00f3mo las gotas de lluvia se estrellaban en los grandes charcos formando lo que yo llamaba \u00bb palomitas \u00ab.<\/p>\n<p>Denisa Valentina no quiero aburrirte. Mirar, observar los \u00e1rboles como mu\u00f1ones en invierno, luego floreciendo, las nubes, la lluvia, el sol, las sombras&#8230;.<\/p>\n<p><a href=\"http:\/\/www.ajuarportatil.com\/blog\/wp-content\/uploads\/2017\/01\/IMG-20170116-WA0005.jpg\"><img loading=\"lazy\" class=\"size-medium wp-image-923 aligncenter\" src=\"http:\/\/www.ajuarportatil.com\/blog\/wp-content\/uploads\/2017\/01\/IMG-20170116-WA0005-300x225.jpg\" alt=\"IMG-20170116-WA0005\" width=\"300\" height=\"225\" srcset=\"https:\/\/ajuarportatil.com\/blog\/wp-content\/uploads\/2017\/01\/IMG-20170116-WA0005-300x225.jpg 300w, https:\/\/ajuarportatil.com\/blog\/wp-content\/uploads\/2017\/01\/IMG-20170116-WA0005-1024x768.jpg 1024w, https:\/\/ajuarportatil.com\/blog\/wp-content\/uploads\/2017\/01\/IMG-20170116-WA0005-400x300.jpg 400w, https:\/\/ajuarportatil.com\/blog\/wp-content\/uploads\/2017\/01\/IMG-20170116-WA0005.jpg 1600w\" sizes=\"(max-width: 300px) 100vw, 300px\" \/><\/a><\/p>\n<p>Asomarse a la ventana es un gesto de observaci\u00f3n, no de cotilleo. A m\u00ed me gustan especialmente los cuadros de mujeres que miran por la ventana, como los de Dal\u00ed o Friedrich.<\/p>\n<p>Denisa observa con esos ojos grandes tan bellos que tienes, Aprendes. Ser observadora creo yo que es una cualidad y no implica ser cotilla.<\/p>\n<p>Lo que m\u00e1s me asombra Denisa es que de lo que observ\u00e9 entonces, osea hace 60 a\u00f1os, a\u00fan me acuerdo ahora, con tanto detalle que veo las gotas de agua resbalar por el cristal y siento la figura protectora de la mam\u00e1 asomada junto a m\u00ed.<\/p>\n<p>Observa Denisa y d\u00e9jate envolver por el calor de pap\u00e1 y mam\u00e1<\/p>\n<p><a href=\"http:\/\/www.ajuarportatil.com\/blog\/wp-content\/uploads\/2017\/01\/IMG-20170116-WA0001.jpg\"><img loading=\"lazy\" class=\"size-medium wp-image-926 aligncenter\" src=\"http:\/\/www.ajuarportatil.com\/blog\/wp-content\/uploads\/2017\/01\/IMG-20170116-WA0001-300x169.jpg\" alt=\"IMG-20170116-WA0001\" width=\"300\" height=\"169\" srcset=\"https:\/\/ajuarportatil.com\/blog\/wp-content\/uploads\/2017\/01\/IMG-20170116-WA0001-300x169.jpg 300w, https:\/\/ajuarportatil.com\/blog\/wp-content\/uploads\/2017\/01\/IMG-20170116-WA0001-1024x576.jpg 1024w, https:\/\/ajuarportatil.com\/blog\/wp-content\/uploads\/2017\/01\/IMG-20170116-WA0001-500x281.jpg 500w, https:\/\/ajuarportatil.com\/blog\/wp-content\/uploads\/2017\/01\/IMG-20170116-WA0001.jpg 1600w\" sizes=\"(max-width: 300px) 100vw, 300px\" \/><\/a><\/p>\n<p>&nbsp;<\/p>\n<p><a href=\"http:\/\/www.ajuarportatil.com\/blog\/wp-content\/uploads\/2017\/01\/IMG-20170121-WA0021.jpg\"><img loading=\"lazy\" class=\"size-medium wp-image-939 aligncenter\" src=\"http:\/\/www.ajuarportatil.com\/blog\/wp-content\/uploads\/2017\/01\/IMG-20170121-WA0021-169x300.jpg\" alt=\"IMG-20170121-WA0021\" width=\"169\" height=\"300\" srcset=\"https:\/\/ajuarportatil.com\/blog\/wp-content\/uploads\/2017\/01\/IMG-20170121-WA0021-169x300.jpg 169w, https:\/\/ajuarportatil.com\/blog\/wp-content\/uploads\/2017\/01\/IMG-20170121-WA0021-576x1024.jpg 576w, https:\/\/ajuarportatil.com\/blog\/wp-content\/uploads\/2017\/01\/IMG-20170121-WA0021.jpg 900w\" sizes=\"(max-width: 169px) 100vw, 169px\" \/><\/a><\/p>\n","protected":false},"excerpt":{"rendered":"<p>\u00a0 \u00a0 \u00a0 \u00a0 \u00a0 \u00a0 \u00a0 \u00a0 \u00a0 \u00a0 \u00a0 \u00a0 \u00a0 \u00a0 \u00a0 \u00a0 \u00a0 \u00a0 \u00a0 \u00a0 \u00a0 \u00a0 \u00a0 \u00a0 \u00a0 MIRAR POR LA VENTANA &nbsp; \u00a1 Hola Denisa ! Pronto ir\u00e9 a verte. Te cantar\u00e9 &hellip; <a href=\"https:\/\/ajuarportatil.com\/blog\/2017\/01\/23\/un-mundo-para-denisa-3\/\">Sigue leyendo <span class=\"meta-nav\">&rarr;<\/span><\/a><\/p>\n","protected":false},"author":3,"featured_media":0,"comment_status":"open","ping_status":"open","sticky":false,"template":"","format":"standard","meta":[],"categories":[1],"tags":[],"_links":{"self":[{"href":"https:\/\/ajuarportatil.com\/blog\/wp-json\/wp\/v2\/posts\/928"}],"collection":[{"href":"https:\/\/ajuarportatil.com\/blog\/wp-json\/wp\/v2\/posts"}],"about":[{"href":"https:\/\/ajuarportatil.com\/blog\/wp-json\/wp\/v2\/types\/post"}],"author":[{"embeddable":true,"href":"https:\/\/ajuarportatil.com\/blog\/wp-json\/wp\/v2\/users\/3"}],"replies":[{"embeddable":true,"href":"https:\/\/ajuarportatil.com\/blog\/wp-json\/wp\/v2\/comments?post=928"}],"version-history":[{"count":13,"href":"https:\/\/ajuarportatil.com\/blog\/wp-json\/wp\/v2\/posts\/928\/revisions"}],"predecessor-version":[{"id":942,"href":"https:\/\/ajuarportatil.com\/blog\/wp-json\/wp\/v2\/posts\/928\/revisions\/942"}],"wp:attachment":[{"href":"https:\/\/ajuarportatil.com\/blog\/wp-json\/wp\/v2\/media?parent=928"}],"wp:term":[{"taxonomy":"category","embeddable":true,"href":"https:\/\/ajuarportatil.com\/blog\/wp-json\/wp\/v2\/categories?post=928"},{"taxonomy":"post_tag","embeddable":true,"href":"https:\/\/ajuarportatil.com\/blog\/wp-json\/wp\/v2\/tags?post=928"}],"curies":[{"name":"wp","href":"https:\/\/api.w.org\/{rel}","templated":true}]}}