{"id":891,"date":"2016-06-20T17:47:52","date_gmt":"2016-06-20T17:47:52","guid":{"rendered":"http:\/\/www.ajuarportatil.com\/blog\/?p=891"},"modified":"2019-02-22T21:01:01","modified_gmt":"2019-02-22T21:01:01","slug":"coser-y-hablar","status":"publish","type":"post","link":"https:\/\/ajuarportatil.com\/blog\/2016\/06\/20\/coser-y-hablar\/","title":{"rendered":"Coser y hablar"},"content":{"rendered":"<p style=\"text-align: left\">\n<p><a href=\"http:\/\/www.ajuarportatil.com\/blog\/wp-content\/uploads\/2016\/06\/IMG_20160601_115222152.jpg\"><img loading=\"lazy\" class=\"alignnone size-medium wp-image-892\" src=\"http:\/\/www.ajuarportatil.com\/blog\/wp-content\/uploads\/2016\/06\/IMG_20160601_115222152-300x169.jpg\" alt=\"IMG_20160601_115222152\" width=\"300\" height=\"169\" srcset=\"https:\/\/ajuarportatil.com\/blog\/wp-content\/uploads\/2016\/06\/IMG_20160601_115222152-300x169.jpg 300w, https:\/\/ajuarportatil.com\/blog\/wp-content\/uploads\/2016\/06\/IMG_20160601_115222152-1024x576.jpg 1024w, https:\/\/ajuarportatil.com\/blog\/wp-content\/uploads\/2016\/06\/IMG_20160601_115222152-500x281.jpg 500w\" sizes=\"(max-width: 300px) 100vw, 300px\" \/><\/a><\/p>\n<p><span style=\"font-weight: 300\">\u00a0Arrullo que la mam\u00e1 cosi\u00f3 para Paula<\/span><\/p>\n<p>&nbsp;<\/p>\n<p>Salgo de la c\u00e1lida cocina de la calle Olite y me encamin\u00f3 al \u00abcuarto peque\u00f1o\u00bb.<\/p>\n<p>Es por la tarde, la habitaci\u00f3n muy luminosa y en ella est\u00e1 entronizada la m\u00e1quina de coser de la mam\u00e1, es su territorio y por lo tanto \u00bb el cuarto de costura\u00bb.<\/p>\n<p>Bobinas de hilos, alfileres, tiza de marcar, todo est\u00e1 all\u00ed en armonioso desorden y la mam\u00e1, con la cinta m\u00e9trica colgada al cuello, pedalea con garbo la m\u00e1quina de coser cuya aguja atraviesa metros de tela de mil rayas con la que confecciona batas de colegio para escolares.<\/p>\n<p>&#8211; \u00bfPuedo ayudar?<\/p>\n<p>Siempre ayudo en lo mismo, sobrehilando, me gusta y lo hago con paciencia.<\/p>\n<p>El transistor aporta m\u00fasica, novelas y consultorios, pero la mayor\u00eda de las veces no escuchamos porque nosotras: hablamos. Las dos somos muy habladoras.<\/p>\n<p>Hay complicidad, yo ya soy adolescente y repasamos temas, del trabajo del pap\u00e1, de mis amigas, de Patxi e I\u00f1aki, de la yaya. Esas pl\u00e1cidas tardes son inolvidables.<\/p>\n<p>En ellas aprend\u00ed muchas cosas de la mam\u00e1, de su infancia, de la guerra, de su vida de soltera en Madrid, de sus preocupaciones, de su talante alegre. \u00a1Tantas cosas ! Y \u00a1 Milagro! \u00a0de paso aprend\u00ed a coser.<\/p>\n<p>Me explico. Mi hermana Paula espera un beb\u00e9 y con esta gratisima noticia adem\u00e1s de muchas emocione, se ha activado en m\u00ed un resorte, no s\u00e9 d\u00f3nde escondido, que ha activado a la Maite costurera.<\/p>\n<p>Mientras corto e hilvano sabanitas, hago vainicas, coso piquillos, me pregunto c\u00f3mo es que yo s\u00e9 hacer todas estas cosas sin vacilaci\u00f3n.<\/p>\n<p>Pues s\u00ed, aprend\u00ed viendo a la mam\u00e1, compartiendo con ella aquellas tardes de costura veraniegas. Ni piscina, ni playa. \u00a1Costura!<\/p>\n<p>Coso como la mam\u00e1, costura de batalla, nada de la perfecci\u00f3n de la que no pierde un hilo. Lo nuestro es la eficacia.<\/p>\n<p>La mam\u00e1 cos\u00eda batas para los ni\u00f1os de los Escolapios y los Maristas y cuando llegaba la temporada de verano hab\u00eda mucho que coser para el inicio de curso que entonces era en Octubre.<\/p>\n<p>La mam\u00e1 no se andaba en chiquitas. Tantas batas, tantas pesetas que luego ella guardaba con ilusi\u00f3n en el caj\u00f3n de la m\u00e1quina de coser y que le ayudaban a solucionar imprevistos. del dentista o de los libros del curso.<\/p>\n<p>Quiero mucho a esta mam\u00e1 feliz, atareada y contenta de que su hija adolescente le traiga a veces a sus amigas, Maite y Loli para que nos corte un blus\u00f3n de los hippies que se llevaban entonces.<\/p>\n<p>Tambi\u00e9n cosi\u00f3 ilusionada juegos de cuna para su Paula.<\/p>\n<p>Ahora yo sin su pericia, sin m\u00e1quina pero con una ilusi\u00f3n me imagino que similar a la de ella, coso para el beb\u00e9 de su Paula y recuerdo con much\u00edsimo cari\u00f1o a la Mari costurera, a la amiga, a la mam\u00e1 que tanto nos dio y nos dej\u00f3 sin poderle decir cu\u00e1nto le deb\u00edamos y cuanto la quer\u00edamos.<a href=\"http:\/\/www.ajuarportatil.com\/blog\/wp-content\/uploads\/2016\/06\/IMG_20160601_121816643.jpg\"><img loading=\"lazy\" class=\"size-medium wp-image-896 aligncenter\" src=\"http:\/\/www.ajuarportatil.com\/blog\/wp-content\/uploads\/2016\/06\/IMG_20160601_121816643-169x300.jpg\" alt=\"IMG_20160601_121816643\" width=\"169\" height=\"300\" srcset=\"https:\/\/ajuarportatil.com\/blog\/wp-content\/uploads\/2016\/06\/IMG_20160601_121816643-169x300.jpg 169w, https:\/\/ajuarportatil.com\/blog\/wp-content\/uploads\/2016\/06\/IMG_20160601_121816643-576x1024.jpg 576w, https:\/\/ajuarportatil.com\/blog\/wp-content\/uploads\/2016\/06\/IMG_20160601_121816643.jpg 1836w\" sizes=\"(max-width: 169px) 100vw, 169px\" \/><\/a><\/p>\n<p>Sabanita para el beb\u00e9 de Paula<\/p>\n","protected":false},"excerpt":{"rendered":"<p>\u00a0Arrullo que la mam\u00e1 cosi\u00f3 para Paula &nbsp; Salgo de la c\u00e1lida cocina de la calle Olite y me encamin\u00f3 al \u00abcuarto peque\u00f1o\u00bb. Es por la tarde, la habitaci\u00f3n muy luminosa y en ella est\u00e1 entronizada la m\u00e1quina de coser &hellip; <a href=\"https:\/\/ajuarportatil.com\/blog\/2016\/06\/20\/coser-y-hablar\/\">Sigue leyendo <span class=\"meta-nav\">&rarr;<\/span><\/a><\/p>\n","protected":false},"author":3,"featured_media":0,"comment_status":"open","ping_status":"open","sticky":false,"template":"","format":"standard","meta":[],"categories":[1],"tags":[],"_links":{"self":[{"href":"https:\/\/ajuarportatil.com\/blog\/wp-json\/wp\/v2\/posts\/891"}],"collection":[{"href":"https:\/\/ajuarportatil.com\/blog\/wp-json\/wp\/v2\/posts"}],"about":[{"href":"https:\/\/ajuarportatil.com\/blog\/wp-json\/wp\/v2\/types\/post"}],"author":[{"embeddable":true,"href":"https:\/\/ajuarportatil.com\/blog\/wp-json\/wp\/v2\/users\/3"}],"replies":[{"embeddable":true,"href":"https:\/\/ajuarportatil.com\/blog\/wp-json\/wp\/v2\/comments?post=891"}],"version-history":[{"count":9,"href":"https:\/\/ajuarportatil.com\/blog\/wp-json\/wp\/v2\/posts\/891\/revisions"}],"predecessor-version":[{"id":901,"href":"https:\/\/ajuarportatil.com\/blog\/wp-json\/wp\/v2\/posts\/891\/revisions\/901"}],"wp:attachment":[{"href":"https:\/\/ajuarportatil.com\/blog\/wp-json\/wp\/v2\/media?parent=891"}],"wp:term":[{"taxonomy":"category","embeddable":true,"href":"https:\/\/ajuarportatil.com\/blog\/wp-json\/wp\/v2\/categories?post=891"},{"taxonomy":"post_tag","embeddable":true,"href":"https:\/\/ajuarportatil.com\/blog\/wp-json\/wp\/v2\/tags?post=891"}],"curies":[{"name":"wp","href":"https:\/\/api.w.org\/{rel}","templated":true}]}}