{"id":880,"date":"2016-05-30T15:45:48","date_gmt":"2016-05-30T15:45:48","guid":{"rendered":"http:\/\/www.ajuarportatil.com\/blog\/?p=880"},"modified":"2016-05-30T15:45:48","modified_gmt":"2016-05-30T15:45:48","slug":"de-visita-con-la-yaya","status":"publish","type":"post","link":"https:\/\/ajuarportatil.com\/blog\/2016\/05\/30\/de-visita-con-la-yaya\/","title":{"rendered":"De visita con la yaya"},"content":{"rendered":"<p><a href=\"http:\/\/www.ajuarportatil.com\/blog\/wp-content\/uploads\/2014\/12\/Fotos-Familia-Ajuar-Portatil-0071.jpg\"><img loading=\"lazy\" class=\"size-medium wp-image-587 aligncenter\" src=\"http:\/\/www.ajuarportatil.com\/blog\/wp-content\/uploads\/2014\/12\/Fotos-Familia-Ajuar-Portatil-0071-224x300.jpg\" alt=\"Fotos Familia-Ajuar Portatil 007\" width=\"224\" height=\"300\" srcset=\"https:\/\/ajuarportatil.com\/blog\/wp-content\/uploads\/2014\/12\/Fotos-Familia-Ajuar-Portatil-0071-224x300.jpg 224w, https:\/\/ajuarportatil.com\/blog\/wp-content\/uploads\/2014\/12\/Fotos-Familia-Ajuar-Portatil-0071.jpg 306w\" sizes=\"(max-width: 224px) 100vw, 224px\" \/><\/a><\/p>\n<p>Pero, \u00bfqui\u00e9n es esa ni\u00f1a tan mona y repeinada que da la mano a su abuela y camina por la Avda. Franco hac\u00eda los cercanos chalets de la Media Luna.<\/p>\n<p>Es Maite, soy yo, que con la yaya voy a visitar a su amiga, la se\u00f1ora Nemesia.<\/p>\n<p>La Nemesia vive en un chalet con jardincito que a m\u00ed me deja boquiabierta al ver una casa tan bonita, tan amplia, tan ordenada.<\/p>\n<p>Ambas son de Peralta, la mayor\u00eda de las amigas de la yaya son de all\u00ed.<\/p>\n<p>Nos sirven caf\u00e9 y pastas y para lo poco que yo conoc\u00eda aquello supon\u00eda un liujo.<\/p>\n<p>Creo recordar que Nemesia ten\u00eda dos hijas ya mayores. A m\u00ed me mimaba bastante pero he de confesar que lo que m\u00e1s me atra\u00eda de su casa no eran las ricas pastas o las rosas del huerto \u00a0sino las multicolores \u00abalfombrillas\u00bb.<\/p>\n<p>Me explico. Su marido el Sr. Biurrun era practicante. Est\u00e1bamos en el \u00a0boom de la utilizaci\u00f3n de la penicilina en forma de inyecciones. Los practicantes no paraban de ponernos \u00abbanderillas\u00bb, que si las anginas, que si la otitis. A poco que te descuidaras ya te estaban untando el alcohol en el culo, palmada y adentro la inyecci\u00f3n.<\/p>\n<p>El marido de la Sra. Nemesia almacenaba montones de aquellos frasquitos provistos de tapones multicolores donde introduc\u00eda la aguja de la jeringuilla para mezclar el polvo de la penicilina con agua, luego vaciaba el contenido en la jeringa y al culete la banderilla.<\/p>\n<p>Pues bien, el ma\u00f1oso Sr. Biurrun extra\u00eda todos los tapones, los lavaba y junt\u00e1ndolos, no recuerdo c\u00f3mo, consegu\u00eda unas alfombrillas multicolores, rojo, azul, verde, amarillo, que llamaban poderosamente mi atenci\u00f3n. Hab\u00eda una alfombrilla en la entrada, tambi\u00e9n en los ba\u00f1os. Me costaba creer que de los \u00abodiados\u00bb frasquitos\u00bb pudiera .obtenerse algo tan divertido. A\u00fan no se sab\u00eda nada del \u00abbricolage\u00bb.<\/p>\n<p><a href=\"http:\/\/www.ajuarportatil.com\/blog\/wp-content\/uploads\/2014\/08\/bula_PENICILINAESTREP.jpg\"><img loading=\"lazy\" class=\"size-full wp-image-355 alignright\" src=\"http:\/\/www.ajuarportatil.com\/blog\/wp-content\/uploads\/2014\/08\/bula_PENICILINAESTREP.jpg\" alt=\"bula_PENICILINAESTREP\" width=\"298\" height=\"249\" \/><\/a><\/p>\n<p>Mientras yo estaba entretenida la yaya y su amiga, como buenas \u00abriberas\u00bb compet\u00edan en todo lo que pod\u00edan. sus ropas (eran muy presumidas), sus joyas, en el caso de la yaya cuatro pedruscos y por fin sus nietos a cada cual m\u00e1s listo y obediente.<\/p>\n<p>Despu\u00e9s de merendar me mandaban a jugar al jard\u00edn, all\u00ed no hab\u00eda ni\u00f1os as\u00ed que jugaba sola y hasta la pr\u00f3xima<\/p>\n<p>Otra visita obligada era a \u00abLas Blasas\u00bb. \u00ebstas no es s\u00f3lo que fueran de un status superior, es que adem\u00e1s se lo cre\u00edan porque el marido de una de ellas era o hab\u00eda sido Comandante, palabra que a m\u00ed me sonaba como a Gran Capit\u00e1n de Nav\u00edo.<\/p>\n<p>La casa de \u00abLas Blasas\u00bb me impon\u00eda, creo que miedo, era sombr\u00eda y estaba atiborrada de muebles tambi\u00e9n oscuros. All\u00ed ol\u00eda a polilla..<\/p>\n<p>La sala ten\u00eda unos miradores que daban a la Avda de Franco y mientras la yaya hablaba con sus amigas yo me entretenia mirando por los vantanales el ajetreo del garaje Unsain, o el ir y venir de las Villavesas.<\/p>\n<p>La tercera visita que voy a contar hoy es la que hac\u00edamos a Villamiranda.<\/p>\n<p>Villamiranda es una florister\u00eda de Pamplona situada en una bocacalle del Paseo Valencia. La due\u00f1a tambi\u00e9n era de Peralta y lo que a m\u00ed m\u00e1s me ilusionaba es cuando la visita la hac\u00edamos a los invernaderos donde se cultivaban las flores. \u00a1Qu\u00e9 bonitos! All\u00ed pod\u00eda correr entre las hileras de flores y chapotear en las peque\u00f1as acequias, abrir y cerrar grifos. Creo recordar que los invernaderos estaban bajando a la Rochapea y para m\u00ed esta visita supon\u00eda una aut\u00e9ntica fiesta.<\/p>\n<p>\u00a1Ay la yaya! la yaya y su nieta, as\u00ed me tuvo, de la mano, hasta que lleg\u00f3 I\u00f1aki y se le complic\u00f3 la vida. Ya \u00e9ramos dos y el camino m\u00e1s f\u00e1cil era ir a La Media Luna donde tambi\u00e9n encontraba amigas de Peralta como la Sra. Francisca..<\/p>\n<p>La Media Luna ya era otra cosa. Encontrar otros ni\u00f1os, sobre todo ni\u00f1as con las que jugar a la cuerda, a la pelota, o simplemente chapotear en la fuente. Nos daban la merienda y segu\u00edamos jugando hasta el anochecer cuando llegaba el verano y entonces pod\u00edamos buscar luci\u00e9rnagas<\/p>\n<p><a href=\"http:\/\/www.ajuarportatil.com\/blog\/wp-content\/uploads\/2014\/06\/media-luna.jpg\"><img loading=\"lazy\" class=\"size-medium wp-image-140 aligncenter\" src=\"http:\/\/www.ajuarportatil.com\/blog\/wp-content\/uploads\/2014\/06\/media-luna-300x150.jpg\" alt=\"media-luna\" width=\"300\" height=\"150\" srcset=\"https:\/\/ajuarportatil.com\/blog\/wp-content\/uploads\/2014\/06\/media-luna-300x150.jpg 300w, https:\/\/ajuarportatil.com\/blog\/wp-content\/uploads\/2014\/06\/media-luna-500x250.jpg 500w, https:\/\/ajuarportatil.com\/blog\/wp-content\/uploads\/2014\/06\/media-luna.jpg 600w\" sizes=\"(max-width: 300px) 100vw, 300px\" \/><\/a>.<\/p>\n<p>&nbsp;<\/p>\n<p>&nbsp;<\/p>\n<p>Yaya, la yaya, al escribir este blog me he dado cuenta el papel fundamental que tuviste en mi infancia. Tan orgullosa estabas de mi, tanto me sub\u00eda lo que hoy llaman \u00abautoestima\u00bb<\/p>\n<p>&nbsp;<\/p>\n<p>Localizaciones. Avda Franco hoy Baja Navarra. Paseo Valencia hoy Sarasate<\/p>\n<p>&nbsp;<\/p>\n<p>&nbsp;<\/p>\n<p>&nbsp;<\/p>\n","protected":false},"excerpt":{"rendered":"<p>Pero, \u00bfqui\u00e9n es esa ni\u00f1a tan mona y repeinada que da la mano a su abuela y camina por la Avda. Franco hac\u00eda los cercanos chalets de la Media Luna. Es Maite, soy yo, que con la yaya voy a &hellip; <a href=\"https:\/\/ajuarportatil.com\/blog\/2016\/05\/30\/de-visita-con-la-yaya\/\">Sigue leyendo <span class=\"meta-nav\">&rarr;<\/span><\/a><\/p>\n","protected":false},"author":3,"featured_media":0,"comment_status":"open","ping_status":"open","sticky":false,"template":"","format":"standard","meta":[],"categories":[1],"tags":[],"_links":{"self":[{"href":"https:\/\/ajuarportatil.com\/blog\/wp-json\/wp\/v2\/posts\/880"}],"collection":[{"href":"https:\/\/ajuarportatil.com\/blog\/wp-json\/wp\/v2\/posts"}],"about":[{"href":"https:\/\/ajuarportatil.com\/blog\/wp-json\/wp\/v2\/types\/post"}],"author":[{"embeddable":true,"href":"https:\/\/ajuarportatil.com\/blog\/wp-json\/wp\/v2\/users\/3"}],"replies":[{"embeddable":true,"href":"https:\/\/ajuarportatil.com\/blog\/wp-json\/wp\/v2\/comments?post=880"}],"version-history":[{"count":4,"href":"https:\/\/ajuarportatil.com\/blog\/wp-json\/wp\/v2\/posts\/880\/revisions"}],"predecessor-version":[{"id":884,"href":"https:\/\/ajuarportatil.com\/blog\/wp-json\/wp\/v2\/posts\/880\/revisions\/884"}],"wp:attachment":[{"href":"https:\/\/ajuarportatil.com\/blog\/wp-json\/wp\/v2\/media?parent=880"}],"wp:term":[{"taxonomy":"category","embeddable":true,"href":"https:\/\/ajuarportatil.com\/blog\/wp-json\/wp\/v2\/categories?post=880"},{"taxonomy":"post_tag","embeddable":true,"href":"https:\/\/ajuarportatil.com\/blog\/wp-json\/wp\/v2\/tags?post=880"}],"curies":[{"name":"wp","href":"https:\/\/api.w.org\/{rel}","templated":true}]}}