{"id":846,"date":"2016-05-09T14:43:06","date_gmt":"2016-05-09T14:43:06","guid":{"rendered":"http:\/\/www.ajuarportatil.com\/blog\/?p=846"},"modified":"2016-05-09T14:43:06","modified_gmt":"2016-05-09T14:43:06","slug":"de-nuevo-en-casa","status":"publish","type":"post","link":"https:\/\/ajuarportatil.com\/blog\/2016\/05\/09\/de-nuevo-en-casa\/","title":{"rendered":"De nuevo en casa"},"content":{"rendered":"<p>&nbsp;<\/p>\n<hr \/>\n<p>\u00abLa vieja casa ahora est\u00e1 vac\u00eda pero nada se ha ido. Si algo he aprendido de una vida de profesor, es que la infancia perdura hasta siempre en el alma\u00bb. \u00a0 \u00a0 \u00a0 \u00a0Ivan Doig<\/p>\n<p><a href=\"http:\/\/www.ajuarportatil.com\/blog\/wp-content\/uploads\/2015\/01\/Fotos-Familia-Ajuar-Portatil-008.jpg\"><img loading=\"lazy\" class=\"size-medium wp-image-615 aligncenter\" src=\"http:\/\/www.ajuarportatil.com\/blog\/wp-content\/uploads\/2015\/01\/Fotos-Familia-Ajuar-Portatil-008-211x300.jpg\" alt=\"Fotos Familia-Ajuar Portatil 008\" width=\"211\" height=\"300\" srcset=\"https:\/\/ajuarportatil.com\/blog\/wp-content\/uploads\/2015\/01\/Fotos-Familia-Ajuar-Portatil-008-211x300.jpg 211w, https:\/\/ajuarportatil.com\/blog\/wp-content\/uploads\/2015\/01\/Fotos-Familia-Ajuar-Portatil-008.jpg 288w\" sizes=\"(max-width: 211px) 100vw, 211px\" \/><\/a><\/p>\n<p>&nbsp;<\/p>\n<p>Ando por ah\u00ed, por el pueblo, por la Rochapea, por San Nicol\u00e1s&#8230;&#8230; \u00a1Tantos lugares!<\/p>\n<p>Pero no, no quiero salir del piso de la calle Olite y en concreto de su cocina donde, entre humos de pucheros y calor de brasero, cuento con el cari\u00f1o y la protecci\u00f3n de la mam\u00e1 y de la yaya.\u00a0<span style=\"font-weight: 300\">All\u00ed tengo un confortable nido.<\/span><\/p>\n<p>Avanzado este blog siento que en la calle Olite recib\u00ed much\u00edsimo cari\u00f1o, cuidados y normas de comportamiento ya grabadas en mi coraz\u00f3n para siempre.<\/p>\n<p>All\u00ed conceb\u00ed tambi\u00e9n mis miedos. \u00a1 Tantos miedos ! A la oscuridad, al hombre del saco y a cosas que nos ense\u00f1aban en el Catecismo, como el infinito o la muerte.<\/p>\n<p>La mam\u00e1 o la yaya poco sab\u00edan de la moderna Pedagog\u00eda, as\u00ed que si no me dorm\u00eda o gritaba asustada por alg\u00fan sue\u00f1o, ven\u00edan junto a mi cama y volv\u00edan a decirme aquello de : \u00bb Duerme bonita que si no vendr\u00e1 el hombre del saco\u00bb.<\/p>\n<p>Pues ya estaba armada.<\/p>\n<p>De aquella ni\u00f1a, aquellos miedos.<\/p>\n<p>\u00a1Tantos miedos !<\/p>\n<p>Con 64 a\u00f1os, al fin ya no tengo mied<span style=\"font-weight: 300\">mn\u00edvora<\/span><\/p>\n<p><a href=\"http:\/\/www.ajuarportatil.com\/blog\/wp-content\/uploads\/2016\/05\/IMG_20160328_181423001.jpg\"><img loading=\"lazy\" class=\"size-medium wp-image-849 aligncenter\" src=\"http:\/\/www.ajuarportatil.com\/blog\/wp-content\/uploads\/2016\/05\/IMG_20160328_181423001-169x300.jpg\" alt=\"IMG_20160328_181423001\" width=\"169\" height=\"300\" srcset=\"https:\/\/ajuarportatil.com\/blog\/wp-content\/uploads\/2016\/05\/IMG_20160328_181423001-169x300.jpg 169w, https:\/\/ajuarportatil.com\/blog\/wp-content\/uploads\/2016\/05\/IMG_20160328_181423001-576x1024.jpg 576w, https:\/\/ajuarportatil.com\/blog\/wp-content\/uploads\/2016\/05\/IMG_20160328_181423001.jpg 1836w\" sizes=\"(max-width: 169px) 100vw, 169px\" \/><\/a><\/p>\n<p><!--more--><\/p>\n","protected":false},"excerpt":{"rendered":"<p>&nbsp; \u00abLa vieja casa ahora est\u00e1 vac\u00eda pero nada se ha ido. Si algo he aprendido de una vida de profesor, es que la infancia perdura hasta siempre en el alma\u00bb. \u00a0 \u00a0 \u00a0 \u00a0Ivan Doig &nbsp; Ando por ah\u00ed, &hellip; <a href=\"https:\/\/ajuarportatil.com\/blog\/2016\/05\/09\/de-nuevo-en-casa\/\">Sigue leyendo <span class=\"meta-nav\">&rarr;<\/span><\/a><\/p>\n","protected":false},"author":3,"featured_media":0,"comment_status":"open","ping_status":"open","sticky":false,"template":"","format":"standard","meta":[],"categories":[1],"tags":[],"_links":{"self":[{"href":"https:\/\/ajuarportatil.com\/blog\/wp-json\/wp\/v2\/posts\/846"}],"collection":[{"href":"https:\/\/ajuarportatil.com\/blog\/wp-json\/wp\/v2\/posts"}],"about":[{"href":"https:\/\/ajuarportatil.com\/blog\/wp-json\/wp\/v2\/types\/post"}],"author":[{"embeddable":true,"href":"https:\/\/ajuarportatil.com\/blog\/wp-json\/wp\/v2\/users\/3"}],"replies":[{"embeddable":true,"href":"https:\/\/ajuarportatil.com\/blog\/wp-json\/wp\/v2\/comments?post=846"}],"version-history":[{"count":7,"href":"https:\/\/ajuarportatil.com\/blog\/wp-json\/wp\/v2\/posts\/846\/revisions"}],"predecessor-version":[{"id":854,"href":"https:\/\/ajuarportatil.com\/blog\/wp-json\/wp\/v2\/posts\/846\/revisions\/854"}],"wp:attachment":[{"href":"https:\/\/ajuarportatil.com\/blog\/wp-json\/wp\/v2\/media?parent=846"}],"wp:term":[{"taxonomy":"category","embeddable":true,"href":"https:\/\/ajuarportatil.com\/blog\/wp-json\/wp\/v2\/categories?post=846"},{"taxonomy":"post_tag","embeddable":true,"href":"https:\/\/ajuarportatil.com\/blog\/wp-json\/wp\/v2\/tags?post=846"}],"curies":[{"name":"wp","href":"https:\/\/api.w.org\/{rel}","templated":true}]}}