{"id":728,"date":"2015-06-30T20:24:21","date_gmt":"2015-06-30T20:24:21","guid":{"rendered":"http:\/\/www.ajuarportatil.com\/blog\/?p=728"},"modified":"2015-06-30T20:24:21","modified_gmt":"2015-06-30T20:24:21","slug":"al-rio","status":"publish","type":"post","link":"https:\/\/ajuarportatil.com\/blog\/2015\/06\/30\/al-rio\/","title":{"rendered":"\u00a1Al r\u00edo!"},"content":{"rendered":"<p>Con cari\u00f1o para Maite Mart\u00edn.<\/p>\n<p>En estos d\u00edas de t\u00f3rrido calor en que el ba\u00f1o ma\u00f1anero en la Zurriola es lo m\u00e1s refrescante que puedo encontrar recuerdo aquellos calurosos meses de verano en Pamplona en los que para darnos un chapuz\u00f3n \u00edbamos \u00a1Al r\u00edo!.<\/p>\n<p>En Pamplona a\u00fan no hab\u00eda llegado el boom de las Ciudades Deportivas como Amaya, Anaitasuna o el Club Nataci\u00f3n. Las \u00fanicas piscinas conocidas eran las del Tenis, detr\u00e1s de los Ca\u00eddos y por lo menos en aquellos a\u00f1os eran para la \u00e9lite. El Oberena creo recordar que en aquellos a\u00f1os s\u00f3lo eran para chicos.<\/p>\n<p>Nada sab\u00edamos de pagar un abono, ni de ir a piscinas desinfectadas con su cloro y con sus higi\u00e9nicas duchas. Tampoco eramos muy duchos en moda para ba\u00f1o.Las ni\u00f1as luc\u00edamos unos trajes de ba\u00f1o de tela fruncidos con gomitas que no se secaban nunca y los ni\u00f1os unos Meyba igualitos que los de sus pap\u00e1s.<\/p>\n<p>En Pamplona ir al r\u00edo era ir a Arre o a Orica\u00edn, por supuesto en la Villavesa porque el coche a\u00fan no hab\u00eda llegado tampoco a nuestras vidas. Esta salida la sol\u00edamos hacer los domingos e ibamos con el pap\u00e1, la mam\u00e1 se quedaba preparando la comida.<\/p>\n<p>Pertrechados con el traje de ba\u00f1o y unas sandalias de goma para no resbalarnos en el verd\u00edn de las piedras del r\u00edo nos d\u00e1bamos el chapuz\u00f3n en las fresquitas aguas del Arga.<\/p>\n<p>Nos agarr\u00e1bamos con fuerza a un flotador enorme y negro que era en realidad una c\u00e1mara de alguna rueda de cami\u00f3n. El pap\u00e1, buen nadador, lo mismo nos proteg\u00eda que nos hac\u00eda aguadillas. En el agua siempre fue muy juguet\u00f3n.<\/p>\n<p>Almorz\u00e1bamos pan con lo que fuera y fruta.Nada de helados ni de patatas fritas y todas esas zarandajas.<\/p>\n<p>En los momentos m\u00e1s tranquilos busc\u00e1bamos en la orilla cabezones que guard\u00e1bamos en un bote, no recuerdo ahora con qu\u00e9 intenciones.<\/p>\n<p>Ni duchas, ni sombrillas, \u00e9stas tampoco hac\u00edan falta porque la sombra de los \u00e1rboles y el mecer de sus ramas nos procuraba frescura y como no conoc\u00edamos la loca fiebre de torrarnos al sol para ponernos morenos no pill\u00e1bamos ninguna sofoquina.<\/p>\n<p>Protectores solares? Factor 30? Factor 50? La \u00fanica crema que conoc\u00edamos era la Nivea de la caja de lata azul que yo creo nos la aplic\u00e1bamos cuando ya en los hombros en torno a los tirantes nos hab\u00edamos puesto coloraditos.<\/p>\n<p>Ir al r\u00edo era una fiesta y me ha procurado un gran placer recordarlo. Recordar a I\u00f1aki y a Patxi y al pap\u00e1 que no puede recordar.<\/p>\n<p>Como no tengo fotos del r\u00edo pongo \u00e9stas que ilustran el gran acontecimiento de venir a San Sebasti\u00e1n y ba\u00f1arse en la Concha. En aquel entonces.<\/p>\n<p style=\"text-align: center\"><a href=\"http:\/\/www.ajuarportatil.com\/blog\/wp-content\/uploads\/2015\/01\/PATXI-5-A\u00d1OS-LA-CONCHA-DONOSTI.jpg\"><img loading=\"lazy\" class=\"alignnone size-medium wp-image-633\" src=\"http:\/\/www.ajuarportatil.com\/blog\/wp-content\/uploads\/2015\/01\/PATXI-5-A\u00d1OS-LA-CONCHA-DONOSTI-300x220.jpg\" alt=\"PATXI 5 A\u00d1OS LA CONCHA DONOSTI\" width=\"300\" height=\"220\" srcset=\"https:\/\/ajuarportatil.com\/blog\/wp-content\/uploads\/2015\/01\/PATXI-5-A\u00d1OS-LA-CONCHA-DONOSTI-300x220.jpg 300w, https:\/\/ajuarportatil.com\/blog\/wp-content\/uploads\/2015\/01\/PATXI-5-A\u00d1OS-LA-CONCHA-DONOSTI-408x300.jpg 408w, https:\/\/ajuarportatil.com\/blog\/wp-content\/uploads\/2015\/01\/PATXI-5-A\u00d1OS-LA-CONCHA-DONOSTI.jpg 804w\" sizes=\"(max-width: 300px) 100vw, 300px\" \/><\/a><\/p>\n<p style=\"text-align: center\"><a href=\"http:\/\/www.ajuarportatil.com\/blog\/wp-content\/uploads\/2014\/06\/Fotos-Familia-Ajuar-Portatil-005.jpg\"><img loading=\"lazy\" class=\"alignnone size-medium wp-image-507\" src=\"http:\/\/www.ajuarportatil.com\/blog\/wp-content\/uploads\/2014\/06\/Fotos-Familia-Ajuar-Portatil-005-202x300.jpg\" alt=\"Fotos Familia-Ajuar Portatil 005\" width=\"202\" height=\"300\" srcset=\"https:\/\/ajuarportatil.com\/blog\/wp-content\/uploads\/2014\/06\/Fotos-Familia-Ajuar-Portatil-005-202x300.jpg 202w, https:\/\/ajuarportatil.com\/blog\/wp-content\/uploads\/2014\/06\/Fotos-Familia-Ajuar-Portatil-005.jpg 284w\" sizes=\"(max-width: 202px) 100vw, 202px\" \/><\/a><\/p>\n<p>&nbsp;<\/p>\n<p>&nbsp;<\/p>\n<p>&nbsp;<\/p>\n","protected":false},"excerpt":{"rendered":"<p>Con cari\u00f1o para Maite Mart\u00edn. En estos d\u00edas de t\u00f3rrido calor en que el ba\u00f1o ma\u00f1anero en la Zurriola es lo m\u00e1s refrescante que puedo encontrar recuerdo aquellos calurosos meses de verano en Pamplona en los que para darnos un &hellip; <a href=\"https:\/\/ajuarportatil.com\/blog\/2015\/06\/30\/al-rio\/\">Sigue leyendo <span class=\"meta-nav\">&rarr;<\/span><\/a><\/p>\n","protected":false},"author":3,"featured_media":0,"comment_status":"open","ping_status":"open","sticky":false,"template":"","format":"standard","meta":[],"categories":[1],"tags":[],"_links":{"self":[{"href":"https:\/\/ajuarportatil.com\/blog\/wp-json\/wp\/v2\/posts\/728"}],"collection":[{"href":"https:\/\/ajuarportatil.com\/blog\/wp-json\/wp\/v2\/posts"}],"about":[{"href":"https:\/\/ajuarportatil.com\/blog\/wp-json\/wp\/v2\/types\/post"}],"author":[{"embeddable":true,"href":"https:\/\/ajuarportatil.com\/blog\/wp-json\/wp\/v2\/users\/3"}],"replies":[{"embeddable":true,"href":"https:\/\/ajuarportatil.com\/blog\/wp-json\/wp\/v2\/comments?post=728"}],"version-history":[{"count":4,"href":"https:\/\/ajuarportatil.com\/blog\/wp-json\/wp\/v2\/posts\/728\/revisions"}],"predecessor-version":[{"id":732,"href":"https:\/\/ajuarportatil.com\/blog\/wp-json\/wp\/v2\/posts\/728\/revisions\/732"}],"wp:attachment":[{"href":"https:\/\/ajuarportatil.com\/blog\/wp-json\/wp\/v2\/media?parent=728"}],"wp:term":[{"taxonomy":"category","embeddable":true,"href":"https:\/\/ajuarportatil.com\/blog\/wp-json\/wp\/v2\/categories?post=728"},{"taxonomy":"post_tag","embeddable":true,"href":"https:\/\/ajuarportatil.com\/blog\/wp-json\/wp\/v2\/tags?post=728"}],"curies":[{"name":"wp","href":"https:\/\/api.w.org\/{rel}","templated":true}]}}