{"id":47,"date":"2014-05-26T21:21:32","date_gmt":"2014-05-26T21:21:32","guid":{"rendered":"http:\/\/www.ajuarportatil.com\/blog\/?p=47"},"modified":"2014-05-26T21:21:32","modified_gmt":"2014-05-26T21:21:32","slug":"el-examen-de-ingreso","status":"publish","type":"post","link":"https:\/\/ajuarportatil.com\/blog\/2014\/05\/26\/el-examen-de-ingreso\/","title":{"rendered":"El examen de ingreso"},"content":{"rendered":"<p>En los tiempos de mi infancia y adolescencia las etapas escolares recib\u00edan nombres distintos a los actuales, adem\u00e1s por supuesto de contar con un curriculum que no ten\u00eda nada que ver con las actividades escolares que han ido desarrollando nuestros chavales a lo largo de los \u00faltimos 50 a\u00f1os.<\/p>\n<p>Cuando empezabas en el cole ibas a \u00abParvulitos\u00bb, con 5 a\u00f1os te pon\u00edan un uniforme que ir\u00eda mejor para traje de Mary Poppins, es decir, vestido negro con cuello duro blanco, capa negra y un sombrero que odi\u00e1bamos y como calzado qu\u00e9 iba a ser, unos pr\u00e1cticos y resistentes zapatos del \u00abGorila\u00bb.<\/p>\n<p>En el cole, los chicos con los chicos, las chicas con las chicas, con nuestras batitas de distinto color, por supuesto. A\u00fan recuerdo que uno de los m\u00e1s temidos castigos era que te mandaran \u00abpor hablar\u00bb (yo ya apuntaba maneras)\u00a0a la clase de los chicos, con bata de chico y con los brazos en cruz. La verdad es que pens\u00e1ndolo bien ahora resulta ser un castigo bastante humillante, aunque ni a\u00fan as\u00ed a m\u00ed se me quitaron las ganas de hablar. Yo hablaba en todos los sitios, en las filas, en clase ocult\u00e1ndome detr\u00e1s de la tapa del pupitre, en los ba\u00f1os. \u00bfY qu\u00e9? Hablar es sanador.<\/p>\n<p>En Parvulitos se aprend\u00eda a leer y escribir. Cada alumna llevaba a clase una pizarra y el correspondiente pizarr\u00edn, duro o de manteca, y all\u00ed en nuestra pizarrita traz\u00e1bamos los palitos y las letras y a borrar con bien de saliva o un borradorcito que se sujetaba a la pizarra con un cordel.<\/p>\n<p>Cuando ya eras diestra con la pizarra pasabas al papel y l\u00e1piz y a borrar con la goma una y otra vez hasta conseguir el trazo perfecto y en algunas ocasiones romper el papel.<br \/>\nLeer le\u00edamos en una Cartilla, silabeando y cuando ya domin\u00e1bamos lectura y escritura pas\u00e1bamos a la Enciclopedia, un compendio de todas las asignaturas: Matem\u00e1ticas, Geograf\u00eda, Historia, Religi\u00f3n. Hace pocos a\u00f1os la editorial lanz\u00f3 una nueva edici\u00f3n de aquella Enciclopedia y la compr\u00e9 admirada \u00a0de lo n\u00edtidos que estaban en mi memoria aquellos\u00a0dibujos, las poes\u00edas, la caligraf\u00eda redondilla&#8230;<\/p>\n<p><a href=\"http:\/\/www.ajuarportatil.com\/blog\/wp-content\/uploads\/2014\/05\/enciclopedia-alvarez.jpg\"><img loading=\"lazy\" class=\"size-medium wp-image-54 aligncenter\" src=\"http:\/\/www.ajuarportatil.com\/blog\/wp-content\/uploads\/2014\/05\/enciclopedia-alvarez-300x300.jpg\" alt=\"enciclopedia-alvarez\" width=\"300\" height=\"300\" \/><\/a><\/p>\n<p>Trabaj\u00e1bamos la Caligraf\u00eda, las 4 reglas, la lectura y luego todo aquello que era el curriculum de las monjas, o del r\u00e9gimen, no lo s\u00e9: Catecismo, Historia Sagrada, Labor, Misas y Novenas varias.<\/p>\n<p>El Colegio estaba en un chalet enorme a la entrada de la Media Luna, en Pamplona claro. En el recreo, si no llov\u00eda jug\u00e1bamos al bal\u00f3n prisionero, a la china, a botar la pelota y a mi favorito, los cromos. Si llov\u00eda baj\u00e1bamos al s\u00f3tano donde hab\u00eda una gran sala por la que corr\u00edamos enloquecidas y cant\u00e1bamos aquello de:<\/p>\n<p><em>Ahora que vamos despacio (bis)<\/em><br \/>\n<em> vamos a contar mentiras, tralara (bis)<br style=\"font-style: normal\" \/><em>vamos a contar mentiras<\/em><\/em><\/p>\n<p><em>Por el mar\u00a0corren las liebres (bis)<\/em><br \/>\n<em> por el monte las sardinas, tralara (bis)<\/em><br \/>\n<em> por el monte las sardinas<\/em><\/p>\n<p>&#8230;<\/p>\n<p>Como he dicho antes me gustaba jugar a los cromos, cantar al corro, saltar a la cuerda y juegos de ese estilo, para los de correr o agilidad era bastante patosa.<\/p>\n<p>Bueno y al fin, al filo de los 10 a\u00f1os llegaba el Tribunal del Instituto Pr\u00edncipe de Viana para realizarnos el examen de INGRESO. Nos pon\u00edamos muy nerviosas. Te llamaban por tu nombre y apellidos y comenzaba el examen, oral por supuesto, de todo lo que hab\u00edamos aprendido en la dichosa Enciclopedia.<\/p>\n<p>Al obtener el APTO pasabas a Bachiller y al curso siguiente empezabas 1\u00ba. En nuestro caso de alumnas del colegio del Santo Angel supon\u00eda tambi\u00e9n que abandon\u00e1bamos el entra\u00f1able chalet de la Media Luna y estrenamos un colegio nuevo, un colegio de verdad en la Avda. Guip\u00fazcoa enfrente de los Maristas. All\u00ed estudiar\u00eda yo todo el Bachiller hasta llegar a Preu.<\/p>\n<p>Mi vida de bachiller queda para otro cap\u00edtulo.<\/p>\n","protected":false},"excerpt":{"rendered":"<p>En los tiempos de mi infancia y adolescencia las etapas escolares recib\u00edan nombres distintos a los actuales, adem\u00e1s por supuesto de contar con un curriculum que no ten\u00eda nada que ver con las actividades escolares que han ido desarrollando nuestros &hellip; <a href=\"https:\/\/ajuarportatil.com\/blog\/2014\/05\/26\/el-examen-de-ingreso\/\">Sigue leyendo <span class=\"meta-nav\">&rarr;<\/span><\/a><\/p>\n","protected":false},"author":3,"featured_media":0,"comment_status":"open","ping_status":"open","sticky":false,"template":"","format":"standard","meta":[],"categories":[1],"tags":[],"_links":{"self":[{"href":"https:\/\/ajuarportatil.com\/blog\/wp-json\/wp\/v2\/posts\/47"}],"collection":[{"href":"https:\/\/ajuarportatil.com\/blog\/wp-json\/wp\/v2\/posts"}],"about":[{"href":"https:\/\/ajuarportatil.com\/blog\/wp-json\/wp\/v2\/types\/post"}],"author":[{"embeddable":true,"href":"https:\/\/ajuarportatil.com\/blog\/wp-json\/wp\/v2\/users\/3"}],"replies":[{"embeddable":true,"href":"https:\/\/ajuarportatil.com\/blog\/wp-json\/wp\/v2\/comments?post=47"}],"version-history":[{"count":5,"href":"https:\/\/ajuarportatil.com\/blog\/wp-json\/wp\/v2\/posts\/47\/revisions"}],"predecessor-version":[{"id":55,"href":"https:\/\/ajuarportatil.com\/blog\/wp-json\/wp\/v2\/posts\/47\/revisions\/55"}],"wp:attachment":[{"href":"https:\/\/ajuarportatil.com\/blog\/wp-json\/wp\/v2\/media?parent=47"}],"wp:term":[{"taxonomy":"category","embeddable":true,"href":"https:\/\/ajuarportatil.com\/blog\/wp-json\/wp\/v2\/categories?post=47"},{"taxonomy":"post_tag","embeddable":true,"href":"https:\/\/ajuarportatil.com\/blog\/wp-json\/wp\/v2\/tags?post=47"}],"curies":[{"name":"wp","href":"https:\/\/api.w.org\/{rel}","templated":true}]}}