{"id":381,"date":"2014-10-06T18:28:55","date_gmt":"2014-10-06T18:28:55","guid":{"rendered":"http:\/\/www.ajuarportatil.com\/blog\/?p=381"},"modified":"2015-01-01T22:46:31","modified_gmt":"2015-01-01T22:46:31","slug":"mujeres-que-escriben-de-su-infancia","status":"publish","type":"post","link":"https:\/\/ajuarportatil.com\/blog\/2014\/10\/06\/mujeres-que-escriben-de-su-infancia\/","title":{"rendered":"Mujeres que escriben de su infancia"},"content":{"rendered":"<p>Dedicado con mucho cari\u00f1o a Higinio y ahora que a\u00f1ado esta foto a Andr\u00e9s<\/p>\n<p style=\"text-align: center\"><a href=\"http:\/\/www.ajuarportatil.com\/blog\/wp-content\/uploads\/2014\/10\/escanear0002.jpg\"><img loading=\"lazy\" class=\"alignnone size-medium wp-image-602\" src=\"http:\/\/www.ajuarportatil.com\/blog\/wp-content\/uploads\/2014\/10\/escanear0002-207x300.jpg\" alt=\"escanear0002\" width=\"207\" height=\"300\" srcset=\"https:\/\/ajuarportatil.com\/blog\/wp-content\/uploads\/2014\/10\/escanear0002-207x300.jpg 207w, https:\/\/ajuarportatil.com\/blog\/wp-content\/uploads\/2014\/10\/escanear0002.jpg 692w\" sizes=\"(max-width: 207px) 100vw, 207px\" \/><\/a><\/p>\n<p>&nbsp;<\/p>\n<p>Mujeres de los a\u00f1os 50<\/p>\n<p>Coincidiendo con la escritura de mis recuerdos pamplonicas de los a\u00f1os 50 y 60 en este blog estoy leyendo a autoras nacidas entre 1940 y 1950 que han escrito novelas con una gran carga autobiogr\u00e1fica.<\/p>\n<p>As\u00ed me encuentro a <strong>Annie Ernaux<\/strong> y su novela <strong>\u00abLos a\u00f1os\u00bb<\/strong>. Ella naci\u00f3 en 1940 en el norte de Francia, en Normand\u00eda. Infancia pobre, \u00a0viviendo con lo justo y experiencias similares a las m\u00edas a pesar de estar a m\u00e1s de 1000 Km con una lengua diferente y adem\u00e1s llev\u00e1ndonos 10 a\u00f1os.<\/p>\n<p>Escribe en la citada novela : <em>\u00ab<\/em><em>los m\u00e9dicos operaban de las am\u00edgdalas a los ni\u00f1os que padec\u00edan de la garganta; les anestesiaban con \u00e9ter y se despertaban chillando&#8230;\u00bb<\/em><\/p>\n<p>Tambi\u00e9n<em>\u00a0\u00bb las madres se desesperaban porque no par\u00e1bamos de crecer y ten\u00edan que alargar los vestidos con una tira de tela y comprar zapatos de un n\u00famero m\u00e1s que ya se hab\u00edan quedado peque\u00f1os al a\u00f1o siguiente\u00bb . \u00abArreglaban los abrigos y les daban vuelta al cuello de las camisas.\u00bb <\/em><\/p>\n<p>Y por fin :\u00bb\u00a0<em>Viv\u00edamos<\/em><em>\u00a0en la escasez de todo. De cosas, de im\u00e1genes, de distracciones, de explicaciones de uno mismo y del mundo, que se limitaban al catecismo y los sermones de Cuaresma \u00ab<\/em><\/p>\n<p>Son recuerdos similares de unas infancias demasiado pr\u00f3ximas a una guerra o a la posguerra. Yo nac\u00ed en 1951 que es el a\u00f1o en que en Espa\u00f1a desaparecieron las cartillas de racionamiento para la obtenci\u00f3n de alimentos b\u00e1sicos lo cual ya es bastante significativo.<\/p>\n<p>He encontrado otro relato autobiogr\u00e1fico publicado en 2013 cuya autora resulta ser una vasca nacida en el exilio chileno y que volvi\u00f3 a Espa\u00f1a a los 18 a\u00f1os. De nuevo experiencias similares desde Santiago de Chile a San Sebasti\u00e1n. El libro se titula <strong>\u00abC\u00f3mo pudo pasarnos esto. Cr\u00f3nica de una chica de los 60\u00bb<\/strong>. Su autora es\u00a0<strong>Idoia Estorn\u00e9s<em>.<\/em><\/strong>\u00a0Nos cuenta :<em>\u00a0<em>\u00bb No ten\u00edamos calefacci\u00f3n, salvo en la recocina, por lo que en invierno nos abrig\u00e1bamos con gruesos jerseys y ponchos. Las botellas de agua caliente eran preceptivas para la cama\u00bb.\u00a0<\/em><\/em><\/p>\n<p>Las citas ser\u00edan interminables. No es mi intenci\u00f3n ponerme a la misma altura que Annie Ernaux que es una novelista consagrada o de la Estorn\u00e9s que escribe una novela de casi 600 p\u00e1ginas.<\/p>\n<p><strong>Yo s\u00f3lo soy una mujer recordando su infancia<\/strong> y al centrar el foco en ella compruebo que las ni\u00f1as de los 50 y j\u00f3venes en los 60 \u00edbamos a ser pioneras en la superaci\u00f3n de los estudios primarios y la ense\u00f1anza secundaria hasta llegar a la Universidad.La mayor\u00eda disfrut\u00e1bamos de becas pues por nuestro origen humilde de no ser por las becas no hubi\u00e9ramos podido concluir los estudios superiores.<\/p>\n<p>Eso s\u00ed durante toda la etapa escolar las chicas bien separadas de los chicos, en colegios distintos, con juegos bien diferentes y por supuesto con unos intentos de aproximaci\u00f3n entre ambos sexos que anunciaba la adolescencia. Pero hasta llegar a la Universidad no compartimos mesa con los chicos..<\/p>\n<p>Pero por encima de todo viviendo en unas condiciones en la que nada se nos regalaba. Viv\u00edamos con lo imprescindible.<\/p>\n<p style=\"text-align: center\">\n","protected":false},"excerpt":{"rendered":"<p>Dedicado con mucho cari\u00f1o a Higinio y ahora que a\u00f1ado esta foto a Andr\u00e9s &nbsp; Mujeres de los a\u00f1os 50 Coincidiendo con la escritura de mis recuerdos pamplonicas de los a\u00f1os 50 y 60 en este blog estoy leyendo a &hellip; <a href=\"https:\/\/ajuarportatil.com\/blog\/2014\/10\/06\/mujeres-que-escriben-de-su-infancia\/\">Sigue leyendo <span class=\"meta-nav\">&rarr;<\/span><\/a><\/p>\n","protected":false},"author":3,"featured_media":0,"comment_status":"open","ping_status":"open","sticky":false,"template":"","format":"standard","meta":[],"categories":[1],"tags":[],"_links":{"self":[{"href":"https:\/\/ajuarportatil.com\/blog\/wp-json\/wp\/v2\/posts\/381"}],"collection":[{"href":"https:\/\/ajuarportatil.com\/blog\/wp-json\/wp\/v2\/posts"}],"about":[{"href":"https:\/\/ajuarportatil.com\/blog\/wp-json\/wp\/v2\/types\/post"}],"author":[{"embeddable":true,"href":"https:\/\/ajuarportatil.com\/blog\/wp-json\/wp\/v2\/users\/3"}],"replies":[{"embeddable":true,"href":"https:\/\/ajuarportatil.com\/blog\/wp-json\/wp\/v2\/comments?post=381"}],"version-history":[{"count":15,"href":"https:\/\/ajuarportatil.com\/blog\/wp-json\/wp\/v2\/posts\/381\/revisions"}],"predecessor-version":[{"id":603,"href":"https:\/\/ajuarportatil.com\/blog\/wp-json\/wp\/v2\/posts\/381\/revisions\/603"}],"wp:attachment":[{"href":"https:\/\/ajuarportatil.com\/blog\/wp-json\/wp\/v2\/media?parent=381"}],"wp:term":[{"taxonomy":"category","embeddable":true,"href":"https:\/\/ajuarportatil.com\/blog\/wp-json\/wp\/v2\/categories?post=381"},{"taxonomy":"post_tag","embeddable":true,"href":"https:\/\/ajuarportatil.com\/blog\/wp-json\/wp\/v2\/tags?post=381"}],"curies":[{"name":"wp","href":"https:\/\/api.w.org\/{rel}","templated":true}]}}