{"id":1072,"date":"2020-03-24T09:45:13","date_gmt":"2020-03-24T09:45:13","guid":{"rendered":"http:\/\/www.ajuarportatil.com\/blog\/?p=1072"},"modified":"2020-03-24T09:45:13","modified_gmt":"2020-03-24T09:45:13","slug":"coronavirus","status":"publish","type":"post","link":"https:\/\/ajuarportatil.com\/blog\/2020\/03\/24\/coronavirus\/","title":{"rendered":"coronavirus"},"content":{"rendered":"<p><a href=\"http:\/\/www.ajuarportatil.com\/blog\/wp-content\/uploads\/2015\/01\/Fotos-Familia-Ajuar-Portatil-008.jpg\"><img loading=\"lazy\" class=\"alignnone size-medium wp-image-615\" src=\"http:\/\/www.ajuarportatil.com\/blog\/wp-content\/uploads\/2015\/01\/Fotos-Familia-Ajuar-Portatil-008-211x300.jpg\" alt=\"Fotos Familia-Ajuar Portatil 008\" width=\"211\" height=\"300\" srcset=\"https:\/\/ajuarportatil.com\/blog\/wp-content\/uploads\/2015\/01\/Fotos-Familia-Ajuar-Portatil-008-211x300.jpg 211w, https:\/\/ajuarportatil.com\/blog\/wp-content\/uploads\/2015\/01\/Fotos-Familia-Ajuar-Portatil-008.jpg 288w\" sizes=\"(max-width: 211px) 100vw, 211px\" \/><\/a><\/p>\n<p>El futuro incierto, el presente en confinamiento.<\/p>\n<p>Me voy al pasado.<\/p>\n<p>Esta vuelta al pasado, mejor dicho, a mi infancia, ni es. nost\u00e1lgica ni melanc\u00f3lica.<\/p>\n<p>Es el homenaje a un tiempo en el que crec\u00ed al calorcito de un hogar inolvidable, en Pamplona, en la calle Olite 16.<\/p>\n<p>All\u00ed estamos todos,\u00a0 I\u00f1aki, Patxi, Paula, jugando por encima o por debajo de la mesa de la cocina. Se fueron ya la yaya, la mam\u00e1 y por \u00faltimo hace 3 a\u00f1os el pap\u00e1.<\/p>\n<p>Los que quedamos somos ya gente on line y en este duro confinamiento que soportamos nos comunicamos por videollamada<\/p>\n","protected":false},"excerpt":{"rendered":"<p>El futuro incierto, el presente en confinamiento. Me voy al pasado. Esta vuelta al pasado, mejor dicho, a mi infancia, ni es. nost\u00e1lgica ni melanc\u00f3lica. Es el homenaje a un tiempo en el que crec\u00ed al calorcito de un hogar &hellip; <a href=\"https:\/\/ajuarportatil.com\/blog\/2020\/03\/24\/coronavirus\/\">Sigue leyendo <span class=\"meta-nav\">&rarr;<\/span><\/a><\/p>\n","protected":false},"author":3,"featured_media":0,"comment_status":"open","ping_status":"open","sticky":false,"template":"","format":"standard","meta":[],"categories":[1],"tags":[],"_links":{"self":[{"href":"https:\/\/ajuarportatil.com\/blog\/wp-json\/wp\/v2\/posts\/1072"}],"collection":[{"href":"https:\/\/ajuarportatil.com\/blog\/wp-json\/wp\/v2\/posts"}],"about":[{"href":"https:\/\/ajuarportatil.com\/blog\/wp-json\/wp\/v2\/types\/post"}],"author":[{"embeddable":true,"href":"https:\/\/ajuarportatil.com\/blog\/wp-json\/wp\/v2\/users\/3"}],"replies":[{"embeddable":true,"href":"https:\/\/ajuarportatil.com\/blog\/wp-json\/wp\/v2\/comments?post=1072"}],"version-history":[{"count":2,"href":"https:\/\/ajuarportatil.com\/blog\/wp-json\/wp\/v2\/posts\/1072\/revisions"}],"predecessor-version":[{"id":1076,"href":"https:\/\/ajuarportatil.com\/blog\/wp-json\/wp\/v2\/posts\/1072\/revisions\/1076"}],"wp:attachment":[{"href":"https:\/\/ajuarportatil.com\/blog\/wp-json\/wp\/v2\/media?parent=1072"}],"wp:term":[{"taxonomy":"category","embeddable":true,"href":"https:\/\/ajuarportatil.com\/blog\/wp-json\/wp\/v2\/categories?post=1072"},{"taxonomy":"post_tag","embeddable":true,"href":"https:\/\/ajuarportatil.com\/blog\/wp-json\/wp\/v2\/tags?post=1072"}],"curies":[{"name":"wp","href":"https:\/\/api.w.org\/{rel}","templated":true}]}}